{"id":2926,"date":"2019-05-26T22:27:16","date_gmt":"2019-05-26T21:27:16","guid":{"rendered":"https:\/\/xrcb.cat\/en\/?p=2926"},"modified":"2019-11-19T13:44:28","modified_gmt":"2019-11-19T12:44:28","slug":"rocio_gomez","status":"publish","type":"post","link":"https:\/\/xrclab.cat\/en\/research\/rocio_gomez\/","title":{"rendered":"Inside Carne Cruda with Roc\u00edo G\u00f3mez Fdez-Blanco"},"content":{"rendered":"<p>Roc\u00edo G\u00f3mez Fdez-Blanco works at <a href=\"https:\/\/www.eldiario.es\/carnecruda\/\">Carne Cruda<\/a>, one of the most well-known independent Spanish podcast. She has been working there for five years and has collaborated with various shows at <a href=\"http:\/\/www.rtve.es\/radio\/radio3\/\">Radio3<\/a> (The cultural Spanish Public radio station) such as &#8220;Hoy empieza todo&#8221;, &#8220;Coordenadas&#8221;, and &#8220;Mundo Babel&#8221;. She also collaborates with &#8220;<a href=\"https:\/\/www.eldiario.es\/temas\/radiojaputa\/\">Radiojaputa<\/a>&#8221;<\/p>\n<p><iframe loading=\"lazy\" title=\"Entrevista a Roc\u00edo G\u00f3mez Fdez-Blanco.\" width=\"640\" height=\"360\" src=\"https:\/\/www.youtube.com\/embed\/tVznNhQ_NLo?feature=oembed\" frameborder=\"0\" allow=\"accelerometer; autoplay; clipboard-write; encrypted-media; gyroscope; picture-in-picture; web-share\" referrerpolicy=\"strict-origin-when-cross-origin\" allowfullscreen><\/iframe><\/p>\n","protected":false},"excerpt":{"rendered":"<p>Roc\u00edo G\u00f3mez Fdez-Blanco works at Carne Cruda, one of the most well-known independent Spanish podcast. She has been working there for five years and has collaborated with various shows at Radio3 (The cultural Spanish Public radio station) such as &#8220;Hoy empieza todo&#8221;, &#8220;Coordenadas&#8221;, and &#8220;Mundo Babel&#8221;. She also collaborates with &#8220;Radiojaputa&#8221;<\/p>\n","protected":false},"author":13,"featured_media":2927,"comment_status":"closed","ping_status":"closed","sticky":false,"template":"","format":"standard","meta":{"_acf_changed":false,"footnotes":""},"categories":[25,29,30,23,26],"tags":[641],"class_list":["post-2926","post","type-post","status-publish","format-standard","has-post-thumbnail","hentry","category-future","category-organizacion-y-gestion","category-publicos","category-research","category-economia-y-sostenibilidad","tag-video"],"acf":[],"_links":{"self":[{"href":"https:\/\/xrclab.cat\/en\/wp-json\/wp\/v2\/posts\/2926","targetHints":{"allow":["GET"]}}],"collection":[{"href":"https:\/\/xrclab.cat\/en\/wp-json\/wp\/v2\/posts"}],"about":[{"href":"https:\/\/xrclab.cat\/en\/wp-json\/wp\/v2\/types\/post"}],"author":[{"embeddable":true,"href":"https:\/\/xrclab.cat\/en\/wp-json\/wp\/v2\/users\/13"}],"replies":[{"embeddable":true,"href":"https:\/\/xrclab.cat\/en\/wp-json\/wp\/v2\/comments?post=2926"}],"version-history":[{"count":13,"href":"https:\/\/xrclab.cat\/en\/wp-json\/wp\/v2\/posts\/2926\/revisions"}],"predecessor-version":[{"id":2951,"href":"https:\/\/xrclab.cat\/en\/wp-json\/wp\/v2\/posts\/2926\/revisions\/2951"}],"wp:featuredmedia":[{"embeddable":true,"href":"https:\/\/xrclab.cat\/en\/wp-json\/wp\/v2\/media\/2927"}],"wp:attachment":[{"href":"https:\/\/xrclab.cat\/en\/wp-json\/wp\/v2\/media?parent=2926"}],"wp:term":[{"taxonomy":"category","embeddable":true,"href":"https:\/\/xrclab.cat\/en\/wp-json\/wp\/v2\/categories?post=2926"},{"taxonomy":"post_tag","embeddable":true,"href":"https:\/\/xrclab.cat\/en\/wp-json\/wp\/v2\/tags?post=2926"}],"curies":[{"name":"wp","href":"https:\/\/api.w.org\/{rel}","templated":true}]}}